{"id":17889,"date":"2014-07-15T22:12:53","date_gmt":"2014-07-15T23:12:53","guid":{"rendered":"http:\/\/www.clubotaku.org\/niji\/?p=17889"},"modified":"2014-07-15T22:13:12","modified_gmt":"2014-07-15T23:13:12","slug":"conferencia-cool-japan-em-lisboa","status":"publish","type":"post","link":"https:\/\/www.clubotaku.org\/niji\/cultu\/conferencia-cool-japan-em-lisboa\/","title":{"rendered":"Confer\u00eancia \u201cCool Japan\u201d em Lisboa"},"content":{"rendered":"<p>Esta semana a Embaixada do Jap\u00e3o em Portugal enviou na newsletter o convite para a confer\u00eancia \u201cCool Japan\u201d da Ministra Tomomi Inada que estar\u00e1 em Portugal.<\/p>\n<p><img loading=\"lazy\" decoding=\"async\" src=\"http:\/\/www.clubotaku.org\/nijiwp\/wp-content\/uploads\/1900.jpg\" alt=\"1\" width=\"640\" height=\"290\" class=\"aligncenter size-full wp-image-17890\" srcset=\"https:\/\/www.clubotaku.org\/nijiwp\/wp-content\/uploads\/1900.jpg 640w, https:\/\/www.clubotaku.org\/nijiwp\/wp-content\/uploads\/1900-300x135.jpg 300w\" sizes=\"(max-width: 640px) 100vw, 640px\" \/><\/p>\n<p>A confer\u00eancia ter\u00e1 lugar no dia 19 de Julho pelas 17h00 no audit\u00f3rio 3 da Funda\u00e7\u00e3o Calouste Gulbenkian. A Ministra Inada, que tem a seu cargo a estrat\u00e9gia do \u201cCool Japan\u201d, ir\u00e1 explicar o que est\u00e1 por detr\u00e1s deste projecto que visa partilhar a n\u00edvel internacional as caracter\u00edsticas \u00fanicas da gastronomia japonesa, moda, cultura tradicional, hospitalidade e tantos outros aspectos numa vis\u00e3o mais &#8220;pop&#8221;.<\/p>\n<p>A entrada desta confer\u00eancia ser\u00e1 gratuita, mas \u00e9 obrigat\u00f3rio uma confirma\u00e7\u00e3o de presen\u00e7a, por isso quem estiver interessado em participar basta enviar a sua conforma\u00e7\u00e3o at\u00e9 amanh\u00e3 (dia 17 de Julho).<\/p>\n","protected":false},"excerpt":{"rendered":"<p>Esta semana a Embaixada do Jap\u00e3o em Portugal enviou na newsletter o convite para a confer\u00eancia \u201cCool Japan\u201d da Ministra Tomomi Inada que estar\u00e1 em Portugal. A confer\u00eancia ter\u00e1 lugar&nbsp;[ &hellip; ]<\/p>\n","protected":false},"author":2,"featured_media":0,"comment_status":"open","ping_status":"closed","sticky":false,"template":"","format":"standard","meta":{"footnotes":""},"categories":[10,2372],"tags":[3565,2461],"_links":{"self":[{"href":"https:\/\/www.clubotaku.org\/niji\/wp-json\/wp\/v2\/posts\/17889"}],"collection":[{"href":"https:\/\/www.clubotaku.org\/niji\/wp-json\/wp\/v2\/posts"}],"about":[{"href":"https:\/\/www.clubotaku.org\/niji\/wp-json\/wp\/v2\/types\/post"}],"author":[{"embeddable":true,"href":"https:\/\/www.clubotaku.org\/niji\/wp-json\/wp\/v2\/users\/2"}],"replies":[{"embeddable":true,"href":"https:\/\/www.clubotaku.org\/niji\/wp-json\/wp\/v2\/comments?post=17889"}],"version-history":[{"count":0,"href":"https:\/\/www.clubotaku.org\/niji\/wp-json\/wp\/v2\/posts\/17889\/revisions"}],"wp:attachment":[{"href":"https:\/\/www.clubotaku.org\/niji\/wp-json\/wp\/v2\/media?parent=17889"}],"wp:term":[{"taxonomy":"category","embeddable":true,"href":"https:\/\/www.clubotaku.org\/niji\/wp-json\/wp\/v2\/categories?post=17889"},{"taxonomy":"post_tag","embeddable":true,"href":"https:\/\/www.clubotaku.org\/niji\/wp-json\/wp\/v2\/tags?post=17889"}],"curies":[{"name":"wp","href":"https:\/\/api.w.org\/{rel}","templated":true}]}}