{"id":32121,"date":"2023-01-25T10:36:19","date_gmt":"2023-01-25T11:36:19","guid":{"rendered":"https:\/\/www.clubotaku.org\/niji\/?p=32121"},"modified":"2023-01-25T10:51:11","modified_gmt":"2023-01-25T11:51:11","slug":"a-imagem-dos-480-anos-de-amizade-jp-pt","status":"publish","type":"post","link":"https:\/\/www.clubotaku.org\/niji\/cultu\/a-imagem-dos-480-anos-de-amizade-jp-pt\/","title":{"rendered":"A imagem dos 480 anos de Amizade JP\/PT"},"content":{"rendered":"<p>A Embaixada Japonesa em Portugal actualizou o seu site com a nova imagem para a comemora\u00e7\u00e3o dos 480 anos de Amizade entre Jap\u00e3o e Portugal. Este ano assinalam-se os 480 anos da chegada dos portugueses \u00e0 ilha de Tanegashima em 1543, dando in\u00edcio ao interc\u00e2mbio com os japoneses.<\/p>\n<p>Devido \u00e0 pandemia as celebra\u00e7\u00f5es deste interc\u00e2mbio tem estado paradas mas em 2023, a Embaixada do Jap\u00e3o realizar\u00e1 v\u00e1rios eventos comemorativos ao longo do ano com o intuito de promover a intera\u00e7\u00e3o entre os dois pa\u00edses.<\/p>\n<p>A imagem seleccionada para estas celebra\u00e7\u00f5es junta o azulejo portugu\u00eas e a sakura (flor de cerejeira) japonesa, elementos reconhecidos visualmente, como parte da identidade cultural de cada pa\u00eds. Estes dois padr\u00f5es conjugam-se harmoniosamente e representam a singularidade de cada um dos pa\u00edses.<\/p>\n<p><img loading=\"lazy\" decoding=\"async\" src=\"https:\/\/www.clubotaku.org\/nijiwp\/wp-content\/uploads\/480anosjapaoportugal.jpg\" alt=\"\" width=\"1280\" height=\"580\" class=\"aligncenter size-full wp-image-32122\" srcset=\"https:\/\/www.clubotaku.org\/nijiwp\/wp-content\/uploads\/480anosjapaoportugal.jpg 1280w, https:\/\/www.clubotaku.org\/nijiwp\/wp-content\/uploads\/480anosjapaoportugal-600x272.jpg 600w, https:\/\/www.clubotaku.org\/nijiwp\/wp-content\/uploads\/480anosjapaoportugal-1024x464.jpg 1024w, https:\/\/www.clubotaku.org\/nijiwp\/wp-content\/uploads\/480anosjapaoportugal-768x348.jpg 768w, https:\/\/www.clubotaku.org\/nijiwp\/wp-content\/uploads\/480anosjapaoportugal-710x322.jpg 710w\" sizes=\"(max-width: 1280px) 100vw, 1280px\" \/><\/p>\n<p>Assim sendo durante este ano de 2023 vamos ter uma s\u00e9rie de eventos que deixamos aqui uma pequena lista:<\/p>\n<p><strong>\u25cf Fevereiro<\/strong><br \/>\n\u2605(No in\u00edcio de fevereiro) Concerto de piano na rece\u00e7\u00e3o do Dia Nacional e do Anivers\u00e1rio de Sua Majestade o Imperador.<br \/>\n\u2605(14 de fevereiro) Semin\u00e1rio de Turismo Sustent\u00e1vel entre o Jap\u00e3o e Portugal<\/p>\n<p><strong>\u25cf Mar\u00e7o<\/strong><br \/>\n\u2605(1-5 de mar\u00e7o) Exposi\u00e7\u00e3o japonesa na Bolsa de Turismo de Lisboa (BTL)<br \/>\n\u2605(Nos meados de mar\u00e7o) Cerim\u00f3nia de Entrega do Diploma de Honra ao M\u00e9rito do Ministro dos Neg\u00f3cios Estrangeiros do Jap\u00e3o<br \/>\n\u2605(15-26 de mar\u00e7o) MONSTRA  Festival de Anima\u00e7\u00e3o de Lisboa<\/p>\n<p><strong>\u25cf Abril<\/strong><br \/>\nPara Breve&#8230;<\/p>\n<p><strong>\u25cf Maio<\/strong><br \/>\n\u2605(13-14 de maio) Iberanime (Lisboa)<br \/>\n\u2605(Data a difinir)Exposi\u00e7\u00e3o da Funda\u00e7\u00e3o Oriente<\/p>\n<p><strong>\u25cf Junho<\/strong><br \/>\n\u2605(24 de junho) Festa do Jap\u00e3o<\/p>\n<p><strong>\u25cf Julho<\/strong><br \/>\n\u2605(Data a definir)Exposi\u00e7\u00e3o da Funda\u00e7\u00e3o Gulbenkian<\/p>\n<p><strong>\u25cf Agosto<\/strong><br \/>\nPara Breve&#8230;<\/p>\n<p><strong>\u25cf Setembro<\/strong><br \/>\nPara Breve&#8230;<\/p>\n<p><strong>\u25cf Outubro<\/strong><br \/>\n\u2605(14-15 de outubro) Iberanime (Porto)<\/p>\n<p><strong>\u25cf Novembro<\/strong><br \/>\n\u2605(Data a definir)Rece\u00e7\u00e3o para participantes japoneses de Startup na Web Summit 2023<\/p>\n<p><strong>\u25cf Dezembro<\/strong><br \/>\nPara Breve&#8230;<\/p>\n<p>Assim que tivermos mais novidades de eventos ou relacionados com a Festa do Jap\u00e3o ser\u00e3o devidamente informados.<br \/>\nE vamos comemorar estes 480 anos de amizade !!! <\/p>\n","protected":false},"excerpt":{"rendered":"<p>A Embaixada Japonesa em Portugal actualizou o seu site com a nova imagem para a comemora\u00e7\u00e3o dos 480 anos de Amizade entre Jap\u00e3o e Portugal. Este ano assinalam-se os 480&nbsp;[ &hellip; ]<\/p>\n","protected":false},"author":2,"featured_media":0,"comment_status":"open","ping_status":"closed","sticky":false,"template":"","format":"standard","meta":{"footnotes":""},"categories":[10,2372],"tags":[2461,2771,2403],"_links":{"self":[{"href":"https:\/\/www.clubotaku.org\/niji\/wp-json\/wp\/v2\/posts\/32121"}],"collection":[{"href":"https:\/\/www.clubotaku.org\/niji\/wp-json\/wp\/v2\/posts"}],"about":[{"href":"https:\/\/www.clubotaku.org\/niji\/wp-json\/wp\/v2\/types\/post"}],"author":[{"embeddable":true,"href":"https:\/\/www.clubotaku.org\/niji\/wp-json\/wp\/v2\/users\/2"}],"replies":[{"embeddable":true,"href":"https:\/\/www.clubotaku.org\/niji\/wp-json\/wp\/v2\/comments?post=32121"}],"version-history":[{"count":1,"href":"https:\/\/www.clubotaku.org\/niji\/wp-json\/wp\/v2\/posts\/32121\/revisions"}],"predecessor-version":[{"id":32123,"href":"https:\/\/www.clubotaku.org\/niji\/wp-json\/wp\/v2\/posts\/32121\/revisions\/32123"}],"wp:attachment":[{"href":"https:\/\/www.clubotaku.org\/niji\/wp-json\/wp\/v2\/media?parent=32121"}],"wp:term":[{"taxonomy":"category","embeddable":true,"href":"https:\/\/www.clubotaku.org\/niji\/wp-json\/wp\/v2\/categories?post=32121"},{"taxonomy":"post_tag","embeddable":true,"href":"https:\/\/www.clubotaku.org\/niji\/wp-json\/wp\/v2\/tags?post=32121"}],"curies":[{"name":"wp","href":"https:\/\/api.w.org\/{rel}","templated":true}]}}