{"id":32316,"date":"2023-04-11T20:15:24","date_gmt":"2023-04-11T21:15:24","guid":{"rendered":"https:\/\/www.clubotaku.org\/niji\/?p=32316"},"modified":"2023-04-11T20:15:24","modified_gmt":"2023-04-11T21:15:24","slug":"festa-do-japao-2023","status":"publish","type":"post","link":"https:\/\/www.clubotaku.org\/niji\/cultu\/festa-do-japao-2023\/","title":{"rendered":"Festa do Jap\u00e3o 2023"},"content":{"rendered":"<p>Foi hoje apresentado o cartaz para anunciar a Festa do Jap\u00e3o que ir\u00e1 realizar-se a 24 de Junho em Lisboa, mais propriamente no Jardim Vasco da Gama em Bel\u00e9m.<\/p>\n<p><img loading=\"lazy\" decoding=\"async\" src=\"https:\/\/www.clubotaku.org\/nijiwp\/wp-content\/uploads\/festadojapao2023-1.jpg\" alt=\"\" width=\"1280\" height=\"1758\" class=\"aligncenter size-full wp-image-32318\" srcset=\"https:\/\/www.clubotaku.org\/nijiwp\/wp-content\/uploads\/festadojapao2023-1.jpg 1280w, https:\/\/www.clubotaku.org\/nijiwp\/wp-content\/uploads\/festadojapao2023-1-218x300.jpg 218w, https:\/\/www.clubotaku.org\/nijiwp\/wp-content\/uploads\/festadojapao2023-1-746x1024.jpg 746w, https:\/\/www.clubotaku.org\/nijiwp\/wp-content\/uploads\/festadojapao2023-1-768x1055.jpg 768w, https:\/\/www.clubotaku.org\/nijiwp\/wp-content\/uploads\/festadojapao2023-1-1118x1536.jpg 1118w, https:\/\/www.clubotaku.org\/nijiwp\/wp-content\/uploads\/festadojapao2023-1-710x975.jpg 710w\" sizes=\"(max-width: 1280px) 100vw, 1280px\" \/><\/p>\n<p>Este ano e ao contr\u00e1rio dos tr\u00eas anos anteriores a Festa do Jap\u00e3o regressa a Bel\u00e9m e com um n\u00famero bem redondo. Este ano celebra-se a 10\u00aa edi\u00e7\u00e3o e tamb\u00e9m os 480 anos da amizade entre Portugal e Jap\u00e3o e do interc\u00e2mbio cultural, e a hist\u00f3ria que estes dois pa\u00edses partilham h\u00e1 quase 5 s\u00e9culos.<\/p>\n<p>A organiza\u00e7\u00e3o da Festa est\u00e1 inserida nas Festas da cidade de Lisboa, por isso um dos organizadores \u00e9 naturalmente a C\u00e2mara Municipal e conta tamb\u00e9m com o apoio da EGEAC, da C\u00e2mara de Com\u00e9rcio e Ind\u00fastria Luso-Japonesa e ainda da Junta de Freguesia de Bel\u00e9m. O evento tamb\u00e9m ter\u00e1 o apoio da Embaixada do Jap\u00e3o em Portugal.<\/p>\n<p>A entrada para a Festa do Jap\u00e3o \u00e9 gratuita e em breve daremos mais novidades&#8230;<\/p>\n<p>E agora a pergunta obrigat\u00f3ria&#8230; Quem vai?<\/p>\n","protected":false},"excerpt":{"rendered":"<p>Foi hoje apresentado o cartaz para anunciar a Festa do Jap\u00e3o que ir\u00e1 realizar-se a 24 de Junho em Lisboa, mais propriamente no Jardim Vasco da Gama em Bel\u00e9m. Este&nbsp;[ &hellip; ]<\/p>\n","protected":false},"author":2,"featured_media":0,"comment_status":"open","ping_status":"closed","sticky":false,"template":"","format":"standard","meta":{"footnotes":""},"categories":[10,2372],"tags":[2461,2771,7921],"_links":{"self":[{"href":"https:\/\/www.clubotaku.org\/niji\/wp-json\/wp\/v2\/posts\/32316"}],"collection":[{"href":"https:\/\/www.clubotaku.org\/niji\/wp-json\/wp\/v2\/posts"}],"about":[{"href":"https:\/\/www.clubotaku.org\/niji\/wp-json\/wp\/v2\/types\/post"}],"author":[{"embeddable":true,"href":"https:\/\/www.clubotaku.org\/niji\/wp-json\/wp\/v2\/users\/2"}],"replies":[{"embeddable":true,"href":"https:\/\/www.clubotaku.org\/niji\/wp-json\/wp\/v2\/comments?post=32316"}],"version-history":[{"count":1,"href":"https:\/\/www.clubotaku.org\/niji\/wp-json\/wp\/v2\/posts\/32316\/revisions"}],"predecessor-version":[{"id":32319,"href":"https:\/\/www.clubotaku.org\/niji\/wp-json\/wp\/v2\/posts\/32316\/revisions\/32319"}],"wp:attachment":[{"href":"https:\/\/www.clubotaku.org\/niji\/wp-json\/wp\/v2\/media?parent=32316"}],"wp:term":[{"taxonomy":"category","embeddable":true,"href":"https:\/\/www.clubotaku.org\/niji\/wp-json\/wp\/v2\/categories?post=32316"},{"taxonomy":"post_tag","embeddable":true,"href":"https:\/\/www.clubotaku.org\/niji\/wp-json\/wp\/v2\/tags?post=32316"}],"curies":[{"name":"wp","href":"https:\/\/api.w.org\/{rel}","templated":true}]}}