{"id":32813,"date":"2024-06-25T15:30:26","date_gmt":"2024-06-25T16:30:26","guid":{"rendered":"https:\/\/www.clubotaku.org\/niji\/?p=32813"},"modified":"2024-06-25T15:30:26","modified_gmt":"2024-06-25T16:30:26","slug":"festa-do-japao-2024-2","status":"publish","type":"post","link":"https:\/\/www.clubotaku.org\/niji\/cultu\/festa-do-japao-2024-2\/","title":{"rendered":"Festa do Jap\u00e3o 2024"},"content":{"rendered":"<p>\u00c9 j\u00e1 este s\u00e1bado dia 29 de Junho entre as 10h00 e as 22h00 que ir\u00e1 realizar-se mais uma vez a Festa do Jap\u00e3o. A XI edi\u00e7\u00e3o est\u00e1 como \u00e9 habitual inserida nas Festas de Lisboa, retorna aos Jardim Vasco da Gama, em Bel\u00e9m. <\/p>\n<p><img loading=\"lazy\" decoding=\"async\" src=\"https:\/\/www.clubotaku.org\/nijiwp\/wp-content\/uploads\/festadojapao2024.jpg\" alt=\"\" width=\"1280\" height=\"1000\" class=\"aligncenter size-full wp-image-32814\" srcset=\"https:\/\/www.clubotaku.org\/nijiwp\/wp-content\/uploads\/festadojapao2024.jpg 1280w, https:\/\/www.clubotaku.org\/nijiwp\/wp-content\/uploads\/festadojapao2024-384x300.jpg 384w, https:\/\/www.clubotaku.org\/nijiwp\/wp-content\/uploads\/festadojapao2024-1024x800.jpg 1024w, https:\/\/www.clubotaku.org\/nijiwp\/wp-content\/uploads\/festadojapao2024-768x600.jpg 768w, https:\/\/www.clubotaku.org\/nijiwp\/wp-content\/uploads\/festadojapao2024-710x555.jpg 710w\" sizes=\"(max-width: 1280px) 100vw, 1280px\" \/><\/p>\n<p>Um dia inteiro de celebra\u00e7\u00e3o da cultura, empresas e artes japonesas em Portugal. A Festa ser\u00e1 recheada de imensas actividades como por exemplo: Demonstra\u00e7\u00f5es de Artes Marciais, actua\u00e7\u00f5es de M\u00fasica e Dan\u00e7a, Workshops e Artes Tradicionais Japonesas, Gastronomia e + 50 entidades culturais e comerciais.<\/p>\n<p>A Festa do Jap\u00e3o \u00e9 organizada pela Evento organizado pela CCILJ | C\u00e2mara de Com\u00e9rcio e Ind\u00fastria Luso-Japonesa, C\u00e2mara Municipal de Lisboa, EGAC e Junta de Freguesia de Bel\u00e9m, com o apoio da Embaixada do Jap\u00e3o em Portugal.<\/p>\n","protected":false},"excerpt":{"rendered":"<p>\u00c9 j\u00e1 este s\u00e1bado dia 29 de Junho entre as 10h00 e as 22h00 que ir\u00e1 realizar-se mais uma vez a Festa do Jap\u00e3o. A XI edi\u00e7\u00e3o est\u00e1 como \u00e9&nbsp;[ &hellip; ]<\/p>\n","protected":false},"author":2,"featured_media":0,"comment_status":"open","ping_status":"closed","sticky":false,"template":"","format":"standard","meta":{"footnotes":""},"categories":[10,2372],"tags":[2461,7999],"_links":{"self":[{"href":"https:\/\/www.clubotaku.org\/niji\/wp-json\/wp\/v2\/posts\/32813"}],"collection":[{"href":"https:\/\/www.clubotaku.org\/niji\/wp-json\/wp\/v2\/posts"}],"about":[{"href":"https:\/\/www.clubotaku.org\/niji\/wp-json\/wp\/v2\/types\/post"}],"author":[{"embeddable":true,"href":"https:\/\/www.clubotaku.org\/niji\/wp-json\/wp\/v2\/users\/2"}],"replies":[{"embeddable":true,"href":"https:\/\/www.clubotaku.org\/niji\/wp-json\/wp\/v2\/comments?post=32813"}],"version-history":[{"count":2,"href":"https:\/\/www.clubotaku.org\/niji\/wp-json\/wp\/v2\/posts\/32813\/revisions"}],"predecessor-version":[{"id":32816,"href":"https:\/\/www.clubotaku.org\/niji\/wp-json\/wp\/v2\/posts\/32813\/revisions\/32816"}],"wp:attachment":[{"href":"https:\/\/www.clubotaku.org\/niji\/wp-json\/wp\/v2\/media?parent=32813"}],"wp:term":[{"taxonomy":"category","embeddable":true,"href":"https:\/\/www.clubotaku.org\/niji\/wp-json\/wp\/v2\/categories?post=32813"},{"taxonomy":"post_tag","embeddable":true,"href":"https:\/\/www.clubotaku.org\/niji\/wp-json\/wp\/v2\/tags?post=32813"}],"curies":[{"name":"wp","href":"https:\/\/api.w.org\/{rel}","templated":true}]}}